{"id":5770,"date":"2017-05-02T10:39:14","date_gmt":"2017-05-02T08:39:14","guid":{"rendered":"http:\/\/www.postmuenster.de\/?p=5770"},"modified":"2021-07-15T14:23:14","modified_gmt":"2021-07-15T12:23:14","slug":"ein-neuer-baum-fuer-die-generationenallee","status":"publish","type":"post","link":"https:\/\/www.postmuenster.de\/?p=5770","title":{"rendered":"Ein neuer Baum f\u00fcr die Generationenallee"},"content":{"rendered":"<p>Die Sch\u00fclerinnen und Sch\u00fcler der 4. Klasse, begleitet von Klassenlehrerin Eva Babatz, trafen sich mit dem 3. B\u00fcrgermeister Siegfried Konrad in der Beckenrandstra\u00dfe um ihren Baum f\u00fcr die Generationenallee zu pflanzen.<\/p>\n<p>Auch in diesem Jahr wird die sch\u00f6ne Tradition wieder fortgesetzt, dass die&nbsp; jeweilige vierte Klasse hier einen Baum pflanzt. So soll nach und nach eine Generationenallee entstehen und die Sch\u00fcler werden auch nach Jahren noch an ihre sch\u00f6ne Schulzeit hier in Postm\u00fcnster erinnert. Gepflanzt wird normalerweise der Baum des jeweiligen Jahres. In diesem Jahr w\u00e4re das eigentlich die Fichte. Da hier aber eine Allee aus sch\u00f6nen bunt gemischten Laubb\u00e4umen entstehen soll, entschloss man sich den Baum des Jahres 2014, die Sumpfeiche, zu pflanzen. Damit es ein bisschen schneller ging, hatte Bauhofmitarbeiter Thomas Spirkl und Josef Stinglhammer schon einmal etwas vorgegraben. Danach packten Siegfried Konrad, Eva Babatz und nat\u00fcrlich die Sch\u00fcler gemeinsam an um den Baum ordnungsgem\u00e4\u00df zu pflanzen und mit Jutestricken zu fixieren. Zu guter Letzt wurde noch eine Jahrgangstafel angebracht, die an die Sch\u00fcler erinnern soll.<\/p>\n<p>Text &amp; Foto: B. Bachmaier<\/p>\n","protected":false},"excerpt":{"rendered":"<p>Die Sch\u00fclerinnen und Sch\u00fcler der 4. Klasse, begleitet von Klassenlehrerin Eva Babatz, trafen sich mit dem 3. B\u00fcrgermeister Siegfried Konrad in der Beckenrandstra\u00dfe um ihren Baum f\u00fcr die Generationenallee zu pflanzen. Auch in diesem Jahr wird die sch\u00f6ne Tradition wieder fortgesetzt, dass die&nbsp; jeweilige vierte Klasse hier einen Baum pflanzt. So soll nach und nach [&hellip;]<\/p>\n","protected":false},"author":11,"featured_media":5772,"comment_status":"closed","ping_status":"closed","sticky":false,"template":"","format":"standard","meta":{"footnotes":""},"categories":[2],"tags":[],"class_list":["post-5770","post","type-post","status-publish","format-standard","has-post-thumbnail","hentry","category-berichte"],"publishpress_future_action":{"enabled":false,"date":"2026-05-08 18:11:16","action":"change-status","newStatus":"draft","terms":[],"taxonomy":"category","extraData":[]},"publishpress_future_workflow_manual_trigger":{"enabledWorkflows":[]},"_links":{"self":[{"href":"https:\/\/www.postmuenster.de\/index.php?rest_route=\/wp\/v2\/posts\/5770","targetHints":{"allow":["GET"]}}],"collection":[{"href":"https:\/\/www.postmuenster.de\/index.php?rest_route=\/wp\/v2\/posts"}],"about":[{"href":"https:\/\/www.postmuenster.de\/index.php?rest_route=\/wp\/v2\/types\/post"}],"author":[{"embeddable":true,"href":"https:\/\/www.postmuenster.de\/index.php?rest_route=\/wp\/v2\/users\/11"}],"replies":[{"embeddable":true,"href":"https:\/\/www.postmuenster.de\/index.php?rest_route=%2Fwp%2Fv2%2Fcomments&post=5770"}],"version-history":[{"count":2,"href":"https:\/\/www.postmuenster.de\/index.php?rest_route=\/wp\/v2\/posts\/5770\/revisions"}],"predecessor-version":[{"id":5774,"href":"https:\/\/www.postmuenster.de\/index.php?rest_route=\/wp\/v2\/posts\/5770\/revisions\/5774"}],"wp:featuredmedia":[{"embeddable":true,"href":"https:\/\/www.postmuenster.de\/index.php?rest_route=\/wp\/v2\/media\/5772"}],"wp:attachment":[{"href":"https:\/\/www.postmuenster.de\/index.php?rest_route=%2Fwp%2Fv2%2Fmedia&parent=5770"}],"wp:term":[{"taxonomy":"category","embeddable":true,"href":"https:\/\/www.postmuenster.de\/index.php?rest_route=%2Fwp%2Fv2%2Fcategories&post=5770"},{"taxonomy":"post_tag","embeddable":true,"href":"https:\/\/www.postmuenster.de\/index.php?rest_route=%2Fwp%2Fv2%2Ftags&post=5770"}],"curies":[{"name":"wp","href":"https:\/\/api.w.org\/{rel}","templated":true}]}}